{"id":164,"date":"2013-03-19T21:48:28","date_gmt":"2013-03-19T21:48:28","guid":{"rendered":"https:\/\/www.demenageur-site.com\/blog\/?p=164"},"modified":"2013-03-19T21:56:23","modified_gmt":"2013-03-19T21:56:23","slug":"world-hosting-days-2013","status":"publish","type":"post","link":"https:\/\/www.demenageur-site.com\/blog\/2013\/03\/world-hosting-days-2013\/","title":{"rendered":"World Hosting Days 2013"},"content":{"rendered":"<p>Petit compte rendu rapide de notre visite \u00e0 <a href=\"http:\/\/www.worldhostingdays.com\/eng\/index.php\" target=\"_blank\">World Hosting Days<\/a> Global 2013, ce 19 mars \u00e0 Europa Park (Allemagne), o\u00f9 nous nous sommes rendus en compagnie de notre partenaire <a title=\"Cedexis\" href=\"http:\/\/www.cedexis.com\/\">Cedexis<\/a><\/p>\n<p>Alors pour faire simple : <em>g\u00e9nial<\/em>.<br \/>\nUn salon organis\u00e9 au millim\u00e8tre, convivial et confortable, totalement dans l&rsquo;esprit habituel d&rsquo;Europa Park : bien fait, bien accueilli, soucis du d\u00e9tail, plaisir de passer un bon moment.<\/p>\n<p>Parmi les exposants, bien s\u00fbr les grandes marques (Intel, Microsoft, Parallels, Verisign, VmWare etc etc) qui tiennent des stands \u00e0 la hauteur de leurs chiffres d&rsquo;affaire, mais surtout quelques dizaines d&rsquo;entreprises \u00e0 d\u00e9couvrir ou red\u00e9couvrir.<\/p>\n<p>Le domaine le mieux repr\u00e9sent\u00e9 est bien s\u00fbr cette ann\u00e9e le <strong>cloud<\/strong> qui occupe une tr\u00e8s grande part des stands, avec notamment des fournisseurs de clouds &lsquo;pr\u00eats \u00e0 l&#8217;emploi&rsquo;, de solutions logicielles pour en cr\u00e9er, de solution mat\u00e9rielles pour en faire marcher, et des prestataires &lsquo;r\u00e9seau&rsquo; pour les connecter. Si vous voulez monter ou am\u00e9liorer votre offre cloud, il y a vraiment des interlocuteurs int\u00e9ressants.<\/p>\n<p>Egalement une belle section &lsquo;TLD&rsquo; avec l&rsquo;AFNIC, DENIC, .AT, des vendeurs de domaine, de certificats SSL, de solutions de s\u00e9curit\u00e9..<\/p>\n<p>Par contre, je d\u00e9plore une quasi absence des grands h\u00e9bergeurs plus \u00ab\u00a0traditionnels\u00a0\u00bb, mis \u00e0 part <a href=\"http:\/\/www.Hosteurope.de\" target=\"_blank\">Hosteurope.de <\/a>. Aucun grand h\u00e9bergeur fran\u00e7ais n&rsquo;\u00e9tait pr\u00e9sent, c&rsquo;est un peu troublant.<\/p>\n<p>Parmi les stands vraiment sympas : OnApp, Aruba Cloud, Ebrc&#8230; La prime du meilleur goodies revient \u00e0 VMWare pour le \u00ab\u00a0nuage surprise\u00a0\u00bb, et je crois que nous serons nombreux \u00e0 affirmer que les \u00e9quipes de InternetX et Beyond.pl sont totalement <em>charmantes<\/em>.<\/p>\n<p>D&rsquo;ailleurs c&rsquo;est presque un peu triste : 98% d&rsquo;hommes dans ce salon, les 2% de femmes pr\u00e9sentes ayant manifestement \u00e9t\u00e9 plus choisies pour leurs qualit\u00e9s persuasives que pour leurs comp\u00e9tences techniques. Je ne comprends pas pourquoi ces m\u00e9tiers n&rsquo;attirent pas plus de femmes, ce n&rsquo;est pourtant ni physique ni vraiment macho&#8230;<\/p>\n<p>Le salon continue jusqu&rsquo;au 21 Mars, si vous avez l&rsquo;occasion, c&rsquo;est une tr\u00e8s bonne opportunit\u00e9 de d\u00e9couvrir l&rsquo;actualit\u00e9 commerciale des acteurs du Cloud. En plus il y a quelques man\u00e8ges d&rsquo;ouverts pour les happy fews :)<\/p>\n","protected":false},"excerpt":{"rendered":"<p>Petit compte rendu rapide de notre visite \u00e0 World Hosting Days Global 2013, ce 19 mars \u00e0 Europa Park (Allemagne), o\u00f9 nous nous sommes rendus en compagnie de notre partenaire Cedexis Alors pour faire simple : g\u00e9nial. Un salon organis\u00e9<span class=\"ellipsis\">&hellip;<\/span><\/p>\n<div class=\"read-more\"><a href=\"https:\/\/www.demenageur-site.com\/blog\/2013\/03\/world-hosting-days-2013\/\">Lire la suite &#8250;<\/a><\/div>\n<p><!-- end of .read-more --><\/p>\n","protected":false},"author":4,"featured_media":0,"comment_status":"open","ping_status":"open","sticky":false,"template":"","format":"standard","meta":{"footnotes":""},"categories":[5],"tags":[],"class_list":["post-164","post","type-post","status-publish","format-standard","hentry","category-actualites"],"_links":{"self":[{"href":"https:\/\/www.demenageur-site.com\/blog\/wp-json\/wp\/v2\/posts\/164","targetHints":{"allow":["GET"]}}],"collection":[{"href":"https:\/\/www.demenageur-site.com\/blog\/wp-json\/wp\/v2\/posts"}],"about":[{"href":"https:\/\/www.demenageur-site.com\/blog\/wp-json\/wp\/v2\/types\/post"}],"author":[{"embeddable":true,"href":"https:\/\/www.demenageur-site.com\/blog\/wp-json\/wp\/v2\/users\/4"}],"replies":[{"embeddable":true,"href":"https:\/\/www.demenageur-site.com\/blog\/wp-json\/wp\/v2\/comments?post=164"}],"version-history":[{"count":6,"href":"https:\/\/www.demenageur-site.com\/blog\/wp-json\/wp\/v2\/posts\/164\/revisions"}],"predecessor-version":[{"id":168,"href":"https:\/\/www.demenageur-site.com\/blog\/wp-json\/wp\/v2\/posts\/164\/revisions\/168"}],"wp:attachment":[{"href":"https:\/\/www.demenageur-site.com\/blog\/wp-json\/wp\/v2\/media?parent=164"}],"wp:term":[{"taxonomy":"category","embeddable":true,"href":"https:\/\/www.demenageur-site.com\/blog\/wp-json\/wp\/v2\/categories?post=164"},{"taxonomy":"post_tag","embeddable":true,"href":"https:\/\/www.demenageur-site.com\/blog\/wp-json\/wp\/v2\/tags?post=164"}],"curies":[{"name":"wp","href":"https:\/\/api.w.org\/{rel}","templated":true}]}}