{"id":30,"date":"2012-05-30T09:47:53","date_gmt":"2012-05-30T09:47:53","guid":{"rendered":"https:\/\/www.demenageur-site.com\/blog\/?p=30"},"modified":"2012-05-30T09:47:53","modified_gmt":"2012-05-30T09:47:53","slug":"ouverture-prochaine-du-data-center-neoclyde-a-besancon","status":"publish","type":"post","link":"https:\/\/www.demenageur-site.com\/blog\/2012\/05\/ouverture-prochaine-du-data-center-neoclyde-a-besancon\/","title":{"rendered":"Ouverture prochaine du Data-Center Neoclyde \u00e0 Besan\u00e7on"},"content":{"rendered":"<p>C&rsquo;est bient\u00f4t un grand jour pour l&rsquo;agglom\u00e9ration de Besan\u00e7on : l&rsquo;ouverture du nouveau Data Center Neoclyde se rapproche !<\/p>\n<p>Op\u00e9r\u00e9 par Euclyde Data Centers et Neo-Telecoms, ce nouveau DC est reli\u00e9 au r\u00e9seau de NeoTelecom par une connexion\u00a0 fibre optique de niveau international n*10Gb.<\/p>\n<p>Le nouveau datacenter proposera tr\u00e8s bient\u00f4t une offre de qualit\u00e9 pour l&rsquo;h\u00e9bergement physique de vos serveurs, \u00e0 proximit\u00e9 imm\u00e9diate de votre implantation r\u00e9gionale.<\/p>\n<p>Respectant le standard Tier3+, et dot\u00e9 des \u00e9quipements les plus r\u00e9cents, ce data-center\u00a0s\u00e9duira tr\u00e8s certainement de nombreuses entreprises r\u00e9gionales.<\/p>\n<p>Si vous d\u00e9sirez h\u00e9berger vos services en Franche-comt\u00e9, n&rsquo;h\u00e9sitez pas \u00e0 faire appel \u00e0 nos services de <a href=\"https:\/\/www.demenageur-site.com\/migration-site.php\" target=\"_blank\">migration de sites, transferts de serveurs et mise en production<\/a> !<\/p>\n<p>Plus d&rsquo;infos sur <a href=\"http:\/\/www.neoclyde.com\/\" target=\"_blank\">http:\/\/www.neoclyde.com\/ <\/a><\/p>\n<p>&nbsp;<\/p>\n","protected":false},"excerpt":{"rendered":"<p>C&rsquo;est bient\u00f4t un grand jour pour l&rsquo;agglom\u00e9ration de Besan\u00e7on : l&rsquo;ouverture du nouveau Data Center Neoclyde se rapproche ! Op\u00e9r\u00e9 par Euclyde Data Centers et Neo-Telecoms, ce nouveau DC est reli\u00e9 au r\u00e9seau de NeoTelecom par une connexion\u00a0 fibre optique<span class=\"ellipsis\">&hellip;<\/span><\/p>\n<div class=\"read-more\"><a href=\"https:\/\/www.demenageur-site.com\/blog\/2012\/05\/ouverture-prochaine-du-data-center-neoclyde-a-besancon\/\">Lire la suite &#8250;<\/a><\/div>\n<p><!-- end of .read-more --><\/p>\n","protected":false},"author":4,"featured_media":0,"comment_status":"open","ping_status":"open","sticky":false,"template":"","format":"standard","meta":{"footnotes":""},"categories":[5,6],"tags":[],"class_list":["post-30","post","type-post","status-publish","format-standard","hentry","category-actualites","category-hebergeurs"],"_links":{"self":[{"href":"https:\/\/www.demenageur-site.com\/blog\/wp-json\/wp\/v2\/posts\/30","targetHints":{"allow":["GET"]}}],"collection":[{"href":"https:\/\/www.demenageur-site.com\/blog\/wp-json\/wp\/v2\/posts"}],"about":[{"href":"https:\/\/www.demenageur-site.com\/blog\/wp-json\/wp\/v2\/types\/post"}],"author":[{"embeddable":true,"href":"https:\/\/www.demenageur-site.com\/blog\/wp-json\/wp\/v2\/users\/4"}],"replies":[{"embeddable":true,"href":"https:\/\/www.demenageur-site.com\/blog\/wp-json\/wp\/v2\/comments?post=30"}],"version-history":[{"count":2,"href":"https:\/\/www.demenageur-site.com\/blog\/wp-json\/wp\/v2\/posts\/30\/revisions"}],"predecessor-version":[{"id":32,"href":"https:\/\/www.demenageur-site.com\/blog\/wp-json\/wp\/v2\/posts\/30\/revisions\/32"}],"wp:attachment":[{"href":"https:\/\/www.demenageur-site.com\/blog\/wp-json\/wp\/v2\/media?parent=30"}],"wp:term":[{"taxonomy":"category","embeddable":true,"href":"https:\/\/www.demenageur-site.com\/blog\/wp-json\/wp\/v2\/categories?post=30"},{"taxonomy":"post_tag","embeddable":true,"href":"https:\/\/www.demenageur-site.com\/blog\/wp-json\/wp\/v2\/tags?post=30"}],"curies":[{"name":"wp","href":"https:\/\/api.w.org\/{rel}","templated":true}]}}