{"id":385,"date":"2016-01-14T13:39:52","date_gmt":"2016-01-14T13:39:52","guid":{"rendered":"https:\/\/www.demenageur-site.com\/blog\/?p=385"},"modified":"2016-01-14T13:42:23","modified_gmt":"2016-01-14T13:42:23","slug":"demenageur-rejoint-lassociation-eurocloud","status":"publish","type":"post","link":"https:\/\/www.demenageur-site.com\/blog\/2016\/01\/demenageur-rejoint-lassociation-eurocloud\/","title":{"rendered":"D\u00e9m\u00e9nageur rejoint l&rsquo;association EUROCLOUD"},"content":{"rendered":"<p>Notre activit\u00e9 est majoritairement orient\u00e9e vers les nouvelles architectures d&rsquo;h\u00e9bergement &#8211; Aussi il nous a sembl\u00e9 tout naturel de rejoindre l&rsquo;association \u00ab\u00a0<strong><a href=\"http:\/\/www.eurocloud.fr\/\" target=\"_blank\">Eurocloud France<\/a><\/strong>\u00ab\u00a0, dont la mission est de f\u00e9d\u00e9rer les acteurs de l&rsquo;industrie du nuage !<\/p>\n<p><a href=\"http:\/\/www.eurocloud.fr\" rel=\"attachment wp-att-389\"><img loading=\"lazy\" decoding=\"async\" class=\"alignnone size-full wp-image-389\" src=\"https:\/\/www.demenageur-site.com\/blog\/wp-content\/uploads\/2016\/01\/eurocloud.gif\" alt=\"eurocloud\" width=\"231\" height=\"89\" \/><\/a><\/p>\n<p>L&rsquo;objectif <strong>d&rsquo;EuroCloud<\/strong> France, la branche fran\u00e7aise de l\u2019organisation europ\u00e9enne EuroCloud, : favoriser le d\u00e9veloppement du Cloud computing en France par les acteurs et les usages.<\/p>\n<p>Migrez d\u00e8s aujourd&rsquo;hui vos services vers le cloud computing en utilisant notre <a href=\"https:\/\/www.demenageur-site.com\">service\u00a0sp\u00e9cialist\u00e9 de migration<\/a><\/p>\n<p>&nbsp;<\/p>\n<p>&nbsp;<\/p>\n","protected":false},"excerpt":{"rendered":"<p>Notre activit\u00e9 est majoritairement orient\u00e9e vers les nouvelles architectures d&rsquo;h\u00e9bergement &#8211; Aussi il nous a sembl\u00e9 tout naturel de rejoindre l&rsquo;association \u00ab\u00a0Eurocloud France\u00ab\u00a0, dont la mission est de f\u00e9d\u00e9rer les acteurs de l&rsquo;industrie du nuage ! L&rsquo;objectif d&rsquo;EuroCloud France, la<span class=\"ellipsis\">&hellip;<\/span><\/p>\n<div class=\"read-more\"><a href=\"https:\/\/www.demenageur-site.com\/blog\/2016\/01\/demenageur-rejoint-lassociation-eurocloud\/\">Lire la suite &#8250;<\/a><\/div>\n<p><!-- end of .read-more --><\/p>\n","protected":false},"author":4,"featured_media":0,"comment_status":"open","ping_status":"open","sticky":false,"template":"","format":"standard","meta":{"footnotes":""},"categories":[5,7],"tags":[],"class_list":["post-385","post","type-post","status-publish","format-standard","hentry","category-actualites","category-demenageur"],"_links":{"self":[{"href":"https:\/\/www.demenageur-site.com\/blog\/wp-json\/wp\/v2\/posts\/385","targetHints":{"allow":["GET"]}}],"collection":[{"href":"https:\/\/www.demenageur-site.com\/blog\/wp-json\/wp\/v2\/posts"}],"about":[{"href":"https:\/\/www.demenageur-site.com\/blog\/wp-json\/wp\/v2\/types\/post"}],"author":[{"embeddable":true,"href":"https:\/\/www.demenageur-site.com\/blog\/wp-json\/wp\/v2\/users\/4"}],"replies":[{"embeddable":true,"href":"https:\/\/www.demenageur-site.com\/blog\/wp-json\/wp\/v2\/comments?post=385"}],"version-history":[{"count":4,"href":"https:\/\/www.demenageur-site.com\/blog\/wp-json\/wp\/v2\/posts\/385\/revisions"}],"predecessor-version":[{"id":392,"href":"https:\/\/www.demenageur-site.com\/blog\/wp-json\/wp\/v2\/posts\/385\/revisions\/392"}],"wp:attachment":[{"href":"https:\/\/www.demenageur-site.com\/blog\/wp-json\/wp\/v2\/media?parent=385"}],"wp:term":[{"taxonomy":"category","embeddable":true,"href":"https:\/\/www.demenageur-site.com\/blog\/wp-json\/wp\/v2\/categories?post=385"},{"taxonomy":"post_tag","embeddable":true,"href":"https:\/\/www.demenageur-site.com\/blog\/wp-json\/wp\/v2\/tags?post=385"}],"curies":[{"name":"wp","href":"https:\/\/api.w.org\/{rel}","templated":true}]}}